{"id":779,"date":"2020-10-10T17:12:48","date_gmt":"2020-10-10T17:12:48","guid":{"rendered":"https:\/\/www.chirocean.fr\/?p=779"},"modified":"2022-10-06T14:27:16","modified_gmt":"2022-10-06T14:27:16","slug":"journee-de-la-colonne-vertebrale-les-chiropracteurs-proposent-des-bilans-personnalises-gratuits-12-17-oct-2020","status":"publish","type":"post","link":"https:\/\/www.chirocean.fr\/en\/journee-de-la-colonne-vertebrale-les-chiropracteurs-proposent-des-bilans-personnalises-gratuits-12-17-oct-2020\/","title":{"rendered":"JOURNEE DE LA COLONNE VERTEBRALE : LES CHIROPRACTEURS PROPOSENT DES BILANS PERSONNALISES GRATUITS 10 au 15 OCT 2022."},"content":{"rendered":"\n<div class=\"wp-block-jetpack-tiled-gallery aligncenter is-style-rectangular\"><div class=\"tiled-gallery__gallery\"><div class=\"tiled-gallery__row\"><div class=\"tiled-gallery__col\"><figure class=\"tiled-gallery__item\"><img decoding=\"async\" alt=\"\" data-height=\"4480\" data-id=\"415\" data-link=\"https:\/\/www.chirocean.fr\/depistage-national-gratuit-des-troubles-musculaires-articulaires-par-les-chiropracteurs-du-14-au-19-octobre-2019\/chiropraxie8\/\" data-url=\"https:\/\/www.chirocean.fr\/wp-content\/uploads\/2019\/10\/Chiropraxie8.jpg\" data-width=\"6720\" src=\"https:\/\/i2.wp.com\/www.chirocean.fr\/wp-content\/uploads\/2019\/10\/Chiropraxie8.jpg?ssl=1\"\/><\/figure><figure class=\"tiled-gallery__item\"><img decoding=\"async\" alt=\"\" data-height=\"4431\" data-id=\"413\" data-link=\"https:\/\/www.chirocean.fr\/depistage-national-gratuit-des-troubles-musculaires-articulaires-par-les-chiropracteurs-du-14-au-19-octobre-2019\/chiropraxie3\/\" data-url=\"https:\/\/www.chirocean.fr\/wp-content\/uploads\/2019\/10\/Chiropraxie3.jpg\" data-width=\"6139\" src=\"https:\/\/i1.wp.com\/www.chirocean.fr\/wp-content\/uploads\/2019\/10\/Chiropraxie3.jpg?ssl=1\"\/><\/figure><\/div><div class=\"tiled-gallery__col\"><figure class=\"tiled-gallery__item\"><img decoding=\"async\" alt=\"\" data-height=\"6004\" data-id=\"412\" data-link=\"https:\/\/www.chirocean.fr\/depistage-national-gratuit-des-troubles-musculaires-articulaires-par-les-chiropracteurs-du-14-au-19-octobre-2019\/chiropraxie2\/\" data-url=\"https:\/\/www.chirocean.fr\/wp-content\/uploads\/2019\/10\/Chiropraxie2.jpg\" data-width=\"4159\" src=\"https:\/\/i2.wp.com\/www.chirocean.fr\/wp-content\/uploads\/2019\/10\/Chiropraxie2.jpg?ssl=1\"\/><\/figure><\/div><\/div><\/div><\/div>\n\n\n\n<p style=\"text-align:justify\" class=\"has-small-font-size\">Pierre Buraglia aux embruns \u00e0 Bidart \/Photos : Sophie Green <\/p>\n\n\n\n<p>Les chiropracteurs effectuent une semaine de sensibilisation et d\u00e9pistage national gratuit des maux de dos sur rendez-vous du 10 au 15 octobre 2022 dans le cadre de la journ\u00e9e mondiale de la colonne vert\u00e9brale le 16 octobre 2022.<\/p>\n\n\n\n<p>L\u2019occasion de d\u00e9tecter vos troubles neuro-musculo-squelettiques, d\u2019en identifier les causes et de d\u00e9livrer des conseils de nature \u00e0 pr\u00e9venir et apaiser vos douleurs.<\/p>\n\n\n\n<p class=\"has-text-color has-medium-font-size has-vivid-green-cyan-color\"><strong>Comment se d\u00e9roule un bilan&nbsp;avec Pierre Buraglia ?<\/strong><\/p>\n\n\n\n<p>Pendant la campagne de pr\u00e9vention, il proc\u00e9dera \u00e0 un interrogatoire pour en savoir plus sur vos douleurs, ant\u00e9c\u00e9dents, habitudes de vie, pathologies\u2026 pour avoir une vision globale de votre sant\u00e9 ainsi que pour cibler les diff\u00e9rents stress physiques, chimiques et \u00e9motionnels et leur r\u00e9percussion sur celle-ci.<\/p>\n\n\n\n<p>Vous pourrez\n\u00e9galement lui apporter vos diff\u00e9rentes imageries, examens compl\u00e9mentaires afin\nde vous les commenter et de les int\u00e9grer dans sa r\u00e9flexion.<\/p>\n\n\n\n<p>Il proc\u00e9dera\nensuite \u00e0 une \u00e9tude de votre posture, \u00e9quilibre, d\u00e9marche, effectuera des tests\northop\u00e9diques, neurologiques, chiropratiques en fonction de votre contexte pour\nl\u2019aider dans son analyse.<\/p>\n\n\n\n<p>Il \u00e9valuera votre mobilit\u00e9 articulaire, les diff\u00e9rentes tensions musculaires, mobilit\u00e9 des fascias\u2026 Enfin apr\u00e8s \u00e9tude approfondie de tous ces \u00e9l\u00e9ments, il vous donnera des conseils posturaux, d\u2019hygi\u00e8ne de vie ainsi que vous conseillera des exercices \u00e0 appliquer en pr\u00e9vention ou pour aider \u00e0 la r\u00e9solution de vos maux.<\/p>\n\n\n\n<p class=\"has-background has-cyan-bluish-gray-background-color\">&#8220;Les consultations en pr\u00e9vention se font encore rare.<br>Bien trop souvent on attend la go\u00fbte d&#8217;eau qui fait d\u00e9border le vase pour consulter, le geste ou activit\u00e9 de trop qui am\u00e8ne \u00e0 un sympt\u00f4me aigu qui commence \u00e0 handicaper tel que la lombalgie aigu\u00eb, torticolis, la difficult\u00e9 \u00e0 effectuer un mouvement, une l\u00e9sion&#8230;<br>Or la plupart des personnes que l&#8217;on re\u00e7oit en Chiropraxie pr\u00e9sentent des maux qui sont la cons\u00e9quence de mauvaises postures, habitudes de vie, gestes, qu&#8217;il est facile de rep\u00e9rer et modifier.<br>Cette campagne est donc l&#8217;occasion d&#8217;agir en amont, pas besoin de douleurs pour consulter autant consulter pour \u00e9viter qu&#8217;elles n&#8217;apparaissent ou s&#8217;accentuent&#8221;                                                                                                                                  <em>Pierre Buraglia<\/em><\/p>\n\n\n\n<p class=\"has-medium-font-size\">Pour profiter de la campagne il vous suffit de prendre directement rendez vous avec Pierre Buraglia au <\/p>\n\n\n\n<p style=\"text-align:center\" class=\"has-medium-font-size\"><strong>06 24 67 37 47<\/strong><\/p>\n\n\n\n<p class=\"has-text-color has-medium-font-size has-vivid-green-cyan-color\"><strong>Qu\u2019est-ce que la Chiropraxie&nbsp;?<\/strong><\/p>\n\n\n\n<p>\u00ab&nbsp;La Chiropraxie est une m\u00e9decine manuelle\nsp\u00e9cialis\u00e9e dans la d\u00e9tection, pr\u00e9vention et traitement des troubles neuro-musculo-squelettiques\ntels que&nbsp;les douleurs de dos, cervicales, musculaires, articulaires,\nd\u2019\u00e9paule, sciatique, canal carpien, arthrose, certains type de maux de t\u00eate,\nentorses\u2026 <\/p>\n\n\n\n<p>C\u2019est une r\u00e9ponse non m\u00e9dicamenteuse qui est \u00e0 la fois un\nart de par sa technicit\u00e9, pr\u00e9sente sa propre Philosophie et repose sur la\nscience car les soins sont bas\u00e9s sur la recherche et les connaissances\nm\u00e9dicales. <\/p>\n\n\n\n<p>La\nchiropraxie s&#8217;adresse \u00e0 tous, de l\u2019enfant au senior en passant par la femme enceinte\net le sportif. Le chiropracteur est un th\u00e9rapeute de premi\u00e8re intention,\nc\u2019est-\u00e0-dire qu\u2019on le consulte directement.<\/p>\n\n\n\n<p>C\u2019est une m\u00e9decine reconnue et r\u00e8glement\u00e9e en France. Agr\u00e9e\npar le minist\u00e8re de la sant\u00e9, les \u00e9tudes s\u2019effectuent en 5 ann\u00e9es \u00e0 temps\ncomplet et sont dispens\u00e9es dans une seule \u00e9cole en France, accr\u00e9dit\u00e9 au niveau\nEurop\u00e9en.<\/p>\n\n\n\n<p>La plupart des mutuelles remboursent en partie les consultations.&nbsp;\u00bb<\/p>\n\n\n\n<div class=\"wp-block-jetpack-tiled-gallery aligncenter is-style-rectangular\"><div class=\"tiled-gallery__gallery\"><div class=\"tiled-gallery__row\"><div class=\"tiled-gallery__col\"><figure class=\"tiled-gallery__item\"><img decoding=\"async\" alt=\"\" data-height=\"753\" data-id=\"254\" data-link=\"https:\/\/www.chirocean.fr\/consultation-chiropracteur\/consultation-3\/\" data-url=\"https:\/\/www.chirocean.fr\/wp-content\/uploads\/2019\/08\/consultation-3.jpg\" data-width=\"1128\" src=\"https:\/\/i1.wp.com\/www.chirocean.fr\/wp-content\/uploads\/2019\/08\/consultation-3.jpg?ssl=1\"\/><\/figure><\/div><\/div><\/div><\/div>\n\n\n\n<h4 class=\"wp-block-heading\">Ci-dessous plus d&#8217;information avec  l&#8217;Association Fran\u00e7aise de Chiropraxie :<\/h4>\n\n\n\n<p><strong>2 Fran\u00e7ais sur 3 d\u00e9clarent souffrir du dos et des\narticulations<\/strong><\/p>\n\n\n\n<p class=\"has-text-color has-medium-font-size has-vivid-green-cyan-color\"><strong>Quel est l\u2019impact sur leur qualit\u00e9 de vie ? <\/strong><\/p>\n\n\n\n<figure class=\"wp-block-image\"><img loading=\"lazy\" decoding=\"async\" width=\"603\" height=\"239\" src=\"https:\/\/www.chirocean.fr\/wp-content\/uploads\/2020\/10\/image-2.png\" alt=\"\" class=\"wp-image-784\" srcset=\"https:\/\/www.chirocean.fr\/wp-content\/uploads\/2020\/10\/image-2.png 603w, https:\/\/www.chirocean.fr\/wp-content\/uploads\/2020\/10\/image-2-300x119.png 300w\" sizes=\"auto, (max-width: 603px) 100vw, 603px\" \/><\/figure>\n\n\n\n<p>Vie familiale ou\nprofessionnelle, loisirs, activit\u00e9s sportives, sommeil\u2026 les douleurs parasitent\nle quotidien. <\/p>\n\n\n\n<p>Les d\u00e9s\u00e9quilibres\nmusculosquelettiques sont la cause de douleurs. <\/p>\n\n\n\n<p>C\u2019est pourquoi, les\ncabinets de chiropraxie se mobilisent la semaine du lundi 12 au samedi 17\noctobre pour offrir au public un bilan vert\u00e9bral. L\u2019objectif est de d\u00e9tecter\nles troubles neuromusculosquelettiques, identifier leurs causes,&nbsp; mesurer l\u2019impact r\u00e9el du mal de dos et des\ndouleurs articulaires sur la qualit\u00e9 de vie. <\/p>\n\n\n\n<p>Les praticiens pourront\nd\u00e9livrer des conseils personnalis\u00e9s et des exercices, de nature \u00e0 pr\u00e9venir et\napaiser les douleurs.<\/p>\n\n\n\n<p><strong>64\u00a0% des Fran\u00e7ais ont souffert du dos ou de douleurs aux articulations ces douze derniers mois,<\/strong> et ces douleurs ont un impact sur toutes les dimensions de leur vie personnelle et professionnelle comme le r\u00e9v\u00e8le Opinionway<a href=\"#_ftn1\"><sup>[1]<\/sup><\/a> \u00a0dans une enqu\u00eate conduite pour l\u2019Association fran\u00e7aise de chiropraxie, \u00e0 l\u2019approche de la <strong>journ\u00e9e mondiale de la colonne vert\u00e9brale du 16 octobre 2<\/strong>022 <\/p>\n\n\n\n<p>L\u2019occasion \u00e9galement de faire le point sur le niveau de connaissance\nque les Fran\u00e7ais ont de la chiropraxie, dont la reconnaissance s\u2019est fortement\nrenforc\u00e9e au cours de la derni\u00e8re d\u00e9cennie. <strong><br>\n<\/strong><\/p>\n\n\n\n<p class=\"has-text-color has-medium-font-size has-luminous-vivid-orange-color\"><strong>LE MAL DE DOS NUIT GRAVEMENT A LA QUALITE DE VIE<\/strong><\/p>\n\n\n\n<p>D\u00e9tailler l\u2019impact des douleurs du dos et des\narticulations sur la qualit\u00e9 de vie des Fran\u00e7ais, tel est l\u2019objectif de cette\n\u00e9tude confi\u00e9e par l\u2019Association fran\u00e7aise de chiropraxie \u00e0 Opinionway. <\/p>\n\n\n\n<p>Premier enseignement, ces douleurs affectent,\nquoi qu\u2019\u00e0 des niveaux diff\u00e9rents, l\u2019ensemble des dimensions de leur vie\npersonnelle et professionnelle comme le pointe la synth\u00e8se ci-apr\u00e8s. <\/p>\n\n\n\n<figure class=\"wp-block-image\"><img loading=\"lazy\" decoding=\"async\" width=\"728\" height=\"286\" src=\"https:\/\/www.chirocean.fr\/wp-content\/uploads\/2020\/10\/image-1.png\" alt=\"\" class=\"wp-image-782\" srcset=\"https:\/\/www.chirocean.fr\/wp-content\/uploads\/2020\/10\/image-1.png 728w, https:\/\/www.chirocean.fr\/wp-content\/uploads\/2020\/10\/image-1-300x118.png 300w\" sizes=\"auto, (max-width: 728px) 100vw, 728px\" \/><\/figure>\n\n\n\n<p class=\"has-text-color has-luminous-vivid-orange-color\"><em><ins>(Impact du mal de dos ou des \u00e9pisodes douloureux au niveau des articulations sur les diff\u00e9rents aspects du quotidien&nbsp;: notes moyennes sur une \u00e9chelle de 0 \u00e0 10)<\/ins><\/em><\/p>\n\n\n\n<div class=\"wp-block-media-text alignwide\" style=\"grid-template-columns:10% auto\"><figure class=\"wp-block-media-text__media\"><img loading=\"lazy\" decoding=\"async\" width=\"48\" height=\"48\" src=\"https:\/\/www.chirocean.fr\/wp-content\/uploads\/2020\/10\/image-6.png\" alt=\"\" class=\"wp-image-788\"\/><\/figure><div class=\"wp-block-media-text__content\">\n<p class=\"has-text-color has-luminous-vivid-orange-color\"><strong>58 % des participants ressentent un impact sur le travail&nbsp;: du pr\u00e9sent\u00e9isme \u00e0 l\u2019absent\u00e9isme<\/strong><\/p>\n<\/div><\/div>\n\n\n\n<p><strong>Plus d\u20191 actif sur 2 ayant\nsouffert de mal de dos ou d\u2019\u00e9pisodes douloureux articulaires au cours des 12\nderniers mois <\/strong>d\u00e9clarent avoir\nd\u00e9j\u00e0 ressenti un impact sur la vie professionnelle, soit 58&nbsp;% de cette\npopulation. <\/p>\n\n\n\n<p>Malgr\u00e9 les douleurs, pr\u00e8s de 3 personnes sur 10 en moyenne continuent de travailler sans rien changer. Ils sont m\u00eame 40&nbsp;% parmi les 35-49 ans&nbsp;; les 50-64 ans et les CSP-, rejoignant en cela les moyennes europ\u00e9ennes de pr\u00e9sent\u00e9isme. <\/p>\n\n\n\n<p class=\"has-text-color has-medium-font-size has-luminous-vivid-orange-color\"><strong>PREVENTION ET SOIN EN MILIEU PROFESSIONNEL&nbsp;: LES BENEFICES DE\nL\u2019INTERVENTION DES THERAPEUTES MANUELS<\/strong><\/p>\n\n\n\n<p>A contrario, 8&nbsp;% des personnes interrog\u00e9es, qui ont souffert\ndurant l\u2019ann\u00e9e \u00e9coul\u00e9e, se sont vu prescrire un arr\u00eat de travail du fait de ces\ndouleurs. Une proportion plus importante parmi les 35-49 ans et les CSP- pour qui cet\nindicateur atteint respectivement 15 et 18&nbsp;%. En outre, 5&nbsp;% des&nbsp;r\u00e9pondants\nn\u2019ont pas pu r\u00e9aliser l&#8217;ensemble des missions professionnelles.<\/p>\n\n\n\n<p>Au niveau professionnel, on constate donc combien ces douleurs sont\npr\u00e9judiciables \u00e0 celui qui souffre, en tout premier lieu, mais \u00e9galement \u00e0 son\nemployeur. <\/p>\n\n\n\n<p>Diminution des TMS parmi les employ\u00e9s, baisse&nbsp; de l\u2019absent\u00e9isme et des co\u00fbts associ\u00e9s mais \u00e9galement augmentation de la productivit\u00e9&nbsp;: tels sont les enseignements d\u2019une revue de litt\u00e9rature publi\u00e9e* en avril 2019 dans le <em>Journal&nbsp; of exercise rehabilitation<\/em> consacr\u00e9e aux interventions de th\u00e9rapeutes manuels en milieu professionnel.  <\/p>\n\n\n\n<p>* J. Prall, M. Ross, The management of work-related musculoskeletal injuries in an occupational health setting: the role of the physical  <\/p>\n\n\n\n<p>\n\nDes chiffres qui\nappellent \u00e0 une prise de conscience des employeurs, d\u2019autant plus que l\u2019on\nconstate que les plus jeunes g\u00e9n\u00e9rations sont aussi les moins enclines \u00e0\ncontinuer \u00e0 travailler en cas de douleurs. \n\n<\/p>\n\n\n\n<p class=\"has-background has-cyan-bluish-gray-background-color\">&#8220;<em>Dans nos cabinets, nous constatons en effet des patients qui souffrent de leurs conditions de travail. Certains postes ne sont pas suffisamment adapt\u00e9s en termes d\u2019ergonomie contribuant \u00e0 l\u2019apparition des troubles musculosquelettiques. &nbsp;Ils concernent tout aussi bien les m\u00e9tiers manuels, les emplois de bureau, les transports\u2026 Il y a urgence \u00e0 ce que les employeurs prennent en compte ces situations de souffrance qui bien souvent sont tues par nos patients. Rappelons que les lombalgies repr\u00e9sentent 20&nbsp;% des accidents du travail et 7&nbsp;% des maladies professionnelles. Au niveau international, les chiropracteurs plaident pour une meilleure pr\u00e9vention au sein m\u00eame des entreprises. En France, les chiropracteurs adh\u00e9rant \u00e0 l\u2019AFC s\u2019investissent notamment dans diff\u00e9rentes actions de pr\u00e9vention, directement aupr\u00e8s des professionnels. Je pense par exemple aux actions conduites aupr\u00e8s des m\u00e9tiers de l\u2019uniforme gr\u00e2ce \u00e0 notre partenariat avec la MGP \u201d, constate Audrey Yargui, chiropracteure. <\/em><\/p>\n\n\n\n<div class=\"wp-block-media-text alignwide\" style=\"grid-template-columns:10% auto\"><figure class=\"wp-block-media-text__media\"><img loading=\"lazy\" decoding=\"async\" width=\"48\" height=\"48\" src=\"https:\/\/www.chirocean.fr\/wp-content\/uploads\/2020\/10\/image-7.png\" alt=\"\" class=\"wp-image-789\"\/><\/figure><div class=\"wp-block-media-text__content\">\n<p class=\"has-text-color has-medium-font-size has-luminous-vivid-orange-color\"><strong>Le sommeil et la r\u00e9alisation des t\u00e2ches de la vie quotidienne p\u00e2tissent des douleurs articulaires particuli\u00e8rement chez les femmes<\/strong><\/p>\n<\/div><\/div>\n\n\n\n<p>Selon l\u2019enqu\u00eate, <strong>la qualit\u00e9 du\nsommeil et la r\u00e9alisation des t\u00e2ches de la vie quotidienne <\/strong>sont les deux\naspects du quotidien les plus impact\u00e9s chez les Fran\u00e7ais ayant souffert de mal\nde dos ou d\u2019\u00e9pisodes douloureux au niveau des articulations. <\/p>\n\n\n\n<p>(Note moyenne de 5,6 sur une \u00e9chelle de 0 \u00e0 10) <\/p>\n\n\n\n<p>Ces difficult\u00e9s sont exprim\u00e9es davantage <strong>chez les femmes et les personnes entre 50\net 64 ans<\/strong>.<\/p>\n\n\n\n<p>Pour Charl\u00e8ne Cheron, chiropracteure, le mal\nde dos, d\u2019une mani\u00e8re g\u00e9n\u00e9rale, est source d\u2019alt\u00e9ration de la qualit\u00e9 de vie et\nd\u2019invalidit\u00e9. La qualit\u00e9 du sommeil est essentielle pour \u00eatre en forme. \n\n<\/p>\n\n\n\n<p class=\"has-background has-cyan-bluish-gray-background-color\">&#8220;<em>Nous rencontrons en effet de nombreuses personnes, lors des consultations, qui expriment des difficult\u00e9s \u00e0 dormir correctement. Certaines sont g\u00ean\u00e9es au cours de la nuit et se r\u00e9veillent m\u00eame, perturbant ainsi consid\u00e9rablement la qualit\u00e9 du sommeil. D\u2019autres ont du mal \u00e0 s\u2019endormir car la position prise engendre des douleurs. A chacun ses habitudes ! Attention toutefois \u00e0 ne pas dormir sur le ventre, car cette position qui peut para\u00eetre rassurante, est en fait n\u00e9faste pour le dos ; elle cr\u00e9\u00e9e des tensions dans la zone lombaire et surcharge les articulations cervicales et thoraciques, ce qui peut entra\u00eener des douleurs\u201d t\u00e9moigne Charl\u00e8ne Cheron. <\/em><\/p>\n\n\n\n<p>Nous sous-estimons l\u2019impact du mal de dos, en\nparticulier sur la <strong>r\u00e9alisation des\nt\u00e2ches de la vie quotidienne.<\/strong> <\/p>\n\n\n\n<p>Pratiqu\u00e9es quotidiennement et incontournables,\nce sont aussi les t\u00e2ches m\u00e9nag\u00e8res et activit\u00e9s d\u2019entretien d\u2019un foyer, de\nnettoyage, de rangement ; nettoyer le sol, faire la cuisine, s\u2019occuper des\nenfants, ces activit\u00e9s sollicitent les muscles, les articulations et le dos, le\nsyst\u00e8me ost\u00e9oarticulaire est donc constamment mobilis\u00e9.<\/p>\n\n\n\n<p>\n\nLes douleurs li\u00e9es au\nmal de dos et aux articulations peuvent nuire \u00e0 la bonne r\u00e9alisation des t\u00e2ches\nde la vie quotidienne.\n\n<\/p>\n\n\n\n<p>Charl\u00e8ne Cheron, chiropracteure, pr\u00e9cise : <\/p>\n\n\n\n<p class=\"has-background has-cyan-bluish-gray-background-color\">&#8220;<em>Ne pas participer aux activit\u00e9s de la vie courante pour cause de douleurs, peut mener dans les cas les plus s\u00e9v\u00e8res, \u00e0 poser des difficult\u00e9s d\u2019autorit\u00e9 parentale et d\u2019estime de soi pouvant contribuer \u00e0 un isolement affectif. C\u2019est la raison pour laquelle ces difficult\u00e9s arrivent en premi\u00e8re place des principaux impacts du mal de dos sur la qualit\u00e9 de vie\u201d.<\/em><\/p>\n\n\n\n<p class=\"has-text-color has-luminous-vivid-orange-color\"><strong>&nbsp;<\/strong><\/p>\n\n\n\n<div class=\"wp-block-media-text alignwide\" style=\"grid-template-columns:10% auto\"><figure class=\"wp-block-media-text__media\"><img loading=\"lazy\" decoding=\"async\" width=\"48\" height=\"48\" src=\"https:\/\/www.chirocean.fr\/wp-content\/uploads\/2020\/10\/image-8.png\" alt=\"\" class=\"wp-image-790\"\/><\/figure><div class=\"wp-block-media-text__content\">\n<p class=\"has-text-color has-medium-font-size has-luminous-vivid-orange-color\"><strong>Activit\u00e9 physique et sportive <\/strong><\/p>\n<\/div><\/div>\n\n\n\n<p>Le mal de dos a une incidence sur la<strong> pratique d\u2019activit\u00e9s physiques et\nsportives. <\/strong>(note moyenne d\u2019impact de 5,3 sur une \u00e9chelle de 0 \u00e0 10)<\/p>\n\n\n\n<p>Juste apr\u00e8s la qualit\u00e9 du sommeil et la\nr\u00e9alisation des t\u00e2ches de la vie quotidienne, la pratique physique et sportive\nest le domaine le plus impact\u00e9 par le mal de dos et les douleurs articulaires. <\/p>\n\n\n\n<p>Pour combattre la s\u00e9dentarit\u00e9 et se sentir\nmieux, pratiquer r\u00e9guli\u00e8rement une activit\u00e9 physique est essentiel. Renforcer sa musculature peut\naussi \u00e9viter certaines douleurs dorsales et lombaires.<\/p>\n\n\n\n<p>Mais lorsqu\u2019il devient douloureux de faire une\nactivit\u00e9 physique, nous l\u2019arr\u00eatons ou nous r\u00e9duisons sa fr\u00e9quence. Poursuivre ou non son activit\u00e9\nphysique va d\u00e9pendre de l&#8217;intensit\u00e9 de la douleur ressentie. <\/p>\n\n\n\n<p>Caroline Lambert,\nchiropracteure, revient sur une id\u00e9e re\u00e7ue :<\/p>\n\n\n\n<p class=\"has-background has-cyan-bluish-gray-background-color\"><em>Le mal de dos ne repr\u00e9sente pas une contre-indication \u00e0 la pratique d\u2019une activit\u00e9 physique et sportive. Comme le pr\u00e9cisent souvent l\u2019Assurance-maladie et les chiropracteurs, l&#8217;activit\u00e9 physique peut contribuer \u00e0 diminuer les douleurs li\u00e9es au mal de dos. Nous la recommandons par exemple chez les patients souffrant de lombalgie. Il convient cependant d\u2019\u00eatre prudent dans le choix de sa pratique sportive car certains exercices ne sont pas adapt\u00e9s et peuvent aggraver les douleurs.\u201d<\/em><\/p>\n\n\n\n<div class=\"wp-block-media-text alignwide\" style=\"grid-template-columns:10% auto\"><figure class=\"wp-block-media-text__media\"><img loading=\"lazy\" decoding=\"async\" width=\"48\" height=\"48\" src=\"https:\/\/www.chirocean.fr\/wp-content\/uploads\/2020\/10\/image-9.png\" alt=\"\" class=\"wp-image-791\"\/><\/figure><div class=\"wp-block-media-text__content\">\n<p class=\"has-text-color has-medium-font-size has-luminous-vivid-orange-color\"><strong>Les seniors souffrent davantage<\/strong><\/p>\n<\/div><\/div>\n\n\n\n<p>Le mal de dos et les troubles articulaires\nalt\u00e8rent la qualit\u00e9 d\u2019autonomie des seniors<strong>.<\/strong><\/p>\n\n\n\n<p><strong>76% des personnes de plus de 65\nans<\/strong> d\u00e9clarent souffrir du mal\nde dos et des articulations. <strong><\/strong><\/p>\n\n\n\n<p>Le processus naturel de vieillissement peut\nparticiper \u00e0 une d\u00e9g\u00e9n\u00e9rescence discale, une usure des disques intervert\u00e9braux.\nPass\u00e9 60 ans, d\u2019autres modifications physiques sont constat\u00e9es comme une\ndiminution de la masse musculaire et une augmentation de la masse graisseuse.<\/p>\n\n\n\n<p>\n\nAudrey Yargui,\nchiropracteure et Vice-Pr\u00e9sidente de l\u2019Association Fran\u00e7aise de Chiropraxie,\nconstate qu\u2019avec l\u2019allongement de l\u2019esp\u00e9rance de vie, les chiropracteurs sont\nde plus en plus confront\u00e9s aux douleurs chroniques des seniors en demande\nd\u2019autonomie et de confort de vie. Le vieillissement de la population repr\u00e9sente\nun nouveau d\u00e9fi de sant\u00e9 publique. Elle pr\u00e9cise :\n\n<\/p>\n\n\n\n<p class=\"has-background has-cyan-bluish-gray-background-color\">&#8220;<em>Jeunes plus longtemps, les seniors sont de plus en plus actifs. Les voyages, le jardinage, le bricolage et le sport font partie de leurs nombreuses activit\u00e9s quotidiennes.\u201d <\/em><\/p>\n\n\n\n<p class=\"has-text-color has-medium-font-size has-luminous-vivid-orange-color\"><strong>CHIROPRAXIE&nbsp;: CE QU\u2019EN CONNAISSENT LES FRANCAIS<\/strong><\/p>\n\n\n\n<div class=\"wp-block-media-text alignwide\" style=\"grid-template-columns:10% auto\"><figure class=\"wp-block-media-text__media\"><img loading=\"lazy\" decoding=\"async\" width=\"48\" height=\"48\" src=\"https:\/\/www.chirocean.fr\/wp-content\/uploads\/2020\/10\/image-5.png\" alt=\"\" class=\"wp-image-787\"\/><\/figure><div class=\"wp-block-media-text__content\">\n<p class=\"has-text-color has-medium-font-size has-luminous-vivid-orange-color\"><strong>54 % des Fran\u00e7ais d\u00e9clarent conna\u00eetre la chiropraxie <\/strong><\/p>\n<\/div><\/div>\n\n\n\n<p>La chiropraxie, m\u00e9decine manuelle de r\u00e9f\u00e9rence pour les soins\ndu dos et des articulations, est une\ndiscipline connue, au moins de nom, par plus d\u20191 Fran\u00e7ais sur 2, avec\nune meilleure connaissance chez les plus de 65 ans (72%) et chez ceux ayant\nsouffert de maux de dos ou d\u2019\u00e9pisodes douloureux \u00e0 plusieurs reprises au cours\ndes 12 derniers mois (64%).<\/p>\n\n\n\n<p>La chiropraxie est tr\u00e8s bien connue pour son action contre<strong> les maux de dos<\/strong> (90 %), mais \u00e9galement pour<strong> son action sur le sommeil <\/strong>(73%) <strong>et les maux de t\u00eate<\/strong> (71%). <\/p>\n\n\n\n<p class=\"has-text-color has-medium-font-size has-luminous-vivid-orange-color\"><strong>LOMBALGIE&nbsp;: JUSQU\u2019A 37 SEMAINES SANS AUCUNE DOULEUR SELON UNE RECHERCHE UNIVERSITAIRE SUEDO-DANOISE<\/strong><\/p>\n\n\n\n<p>Aucune douleur pendant\nplus de 37 semaines dans l\u2019ann\u00e9e\u2026 c\u2019est ce qu\u2019apporte la chiropraxie aux patients\nlombalgiques les plus douloureux. Ceux dont le mal impacte le plus\nsignificativement leur qualit\u00e9 de vie. Et c\u2019est la recherche qui le confirme,\nselon une \u00e9tude publi\u00e9e en avril 2020 sur les soins chiropratiques de\nmaintenance.<\/p>\n\n\n\n<p>Les soins de maintenance\nchiropratique correspondent \u00e0 la poursuite de soins de mani\u00e8re r\u00e9guli\u00e8re sans\nattendre l\u2019apparition d\u2019un nouvel \u00e9pisode douloureux et ce apr\u00e8s avoir \u00e9t\u00e9\nsoulag\u00e9 lors de la premi\u00e8re phase douloureuse. Les soins de maintenance se\ndistinguent en-cela de l\u2019approche des traitements fond\u00e9e sur les sympt\u00f4mes.\nDans ce dernier cas, le patient ne retourne voir son chiropracteur qu\u2019\u00e0 r\u00e9apparition\nde la douleur ou lors de la sensation de perte de mobilit\u00e9. <\/p>\n\n\n\n<p>Les soins de maintenance\nsont tr\u00e8s d\u00e9velopp\u00e9s en Europe du Nord. On estime en effet que pr\u00e8s de 30% des patients\nscandinaves suivis par un chiropracteur b\u00e9n\u00e9ficient de soins de maintenance*.\nIls font l\u2019objet de recherche dans le cadre du Nordic maintenance care program,\nqui r\u00e9unit des chercheurs su\u00e9dois et danois, pour en mesurer l\u2019efficacit\u00e9.\nLeurs recherches portent sur un groupe de 328 patients lombalgiques de 18 \u00e0 65\nans, pour lesquels les soins chiropratiques ont d\u00e9j\u00e0 apport\u00e9 une r\u00e9ponse\nfavorable. Les patients, r\u00e9partis al\u00e9atoirement dans deux groupes, ont re\u00e7u\npour les uns des soins de maintenance, pour les autres un traitement fond\u00e9 sur\nles sympt\u00f4mes. Les patients ont \u00e9t\u00e9 suivis pendant une ann\u00e9e durant laquelle\nils ont \u00e9t\u00e9 r\u00e9guli\u00e8rement interrog\u00e9s sur leurs douleurs par SMS. <\/p>\n\n\n\n<p>En 2018, une premi\u00e8re\nexploitation de ces donn\u00e9es \u00e9tait publi\u00e9e dans la r\u00e9put\u00e9e revue PlosOne*. Cette\npremi\u00e8re recherche concluait que les patients suivis en soins de maintenance\navaient souffert pr\u00e8s de 13 jours de moins dans l\u2019ann\u00e9e que les patients\nrecevant un traitement fond\u00e9 sur les sympt\u00f4mes, soit 85 jours douloureux versus\n98. Parall\u00e8lement, les patients suivis en soins de maintenance avaient re\u00e7u\ndeux consultations en plus que les patients de l\u2019autre groupe soit 6,7\nconsultations en moyenne dans l\u2019ann\u00e9e contre 4,9. <\/p>\n\n\n\n<p>Une analyse secondaire de\nces m\u00eames donn\u00e9es a \u00e9t\u00e9 publi\u00e9e en avril 2020. Selon cette nouvelle \u00e9tude*,\noutre que les soins de maintenance diminuent le nombre de jours douloureux chez\nles patients lombalgiques, ils allongent aussi significativement les p\u00e9riodes\nsans aucune douleur ressentie, en particulier chez les patients les plus\naffect\u00e9s par la lombalgie (douleurs tr\u00e8s s\u00e9v\u00e8res et ayant un fort impact sur\nleur vie quotidienne). <\/p>\n\n\n\n<p><strong>Jusqu\u2019\u00e0 37 semaines\nsans aucune douleur dans l\u2019ann\u00e9e !<\/strong><\/p>\n\n\n\n<p>Chez les patients que\nleur lombalgie emp\u00eache de vivre, l\u2019\u00e9tude rel\u00e8ve en effet pr\u00e8s de 10 semaines en\nplus sans douleur soit 37,3 semaines pour les patients suivis en soins de\nmaintenance contre 27,4 pour l\u2019autre groupe. <\/p>\n\n\n\n<p>* <a href=\"https:\/\/chiromt.biomedcentral.com\/articles\/10.1186\/s12998-019-0283-6\">https:\/\/chiromt.biomedcentral.com\/articles\/10.1186\/s12998-019-0283-6<\/a><\/p>\n\n\n\n<p>* <a href=\"https:\/\/journals.plos.org\/plosone\/article?id=10.1371\/journal.pone.0203029\">https:\/\/journals.plos.org\/plosone\/article?id=10.1371\/journal.pone.0203029<\/a> \n\n* <a href=\"https:\/\/chiromt.biomedcentral.com\/articles\/10.1186\/s12998-020-00309-6\">https:\/\/chiromt.biomedcentral.com\/articles\/10.1186\/s12998-020-00309-6<\/a><\/p>\n\n\n\n<div class=\"wp-block-media-text alignwide\" style=\"grid-template-columns:10% auto\"><figure class=\"wp-block-media-text__media\"><img loading=\"lazy\" decoding=\"async\" width=\"46\" height=\"46\" src=\"https:\/\/www.chirocean.fr\/wp-content\/uploads\/2020\/10\/image-4.png\" alt=\"\" class=\"wp-image-786\"\/><\/figure><div class=\"wp-block-media-text__content\">\n<p class=\"has-text-color has-medium-font-size has-luminous-vivid-orange-color\"><strong>61% des personnes interrog\u00e9es ignorent le remboursement de la chiropraxi<\/strong>e<\/p>\n<\/div><\/div>\n\n\n\n<p>\n\nLa S\u00e9curit\u00e9 Sociale ne\nrembourse pas les soins en chiropraxie. En revanche, les mutuelles et les\ncompl\u00e9mentaires de sant\u00e9 sont de plus en plus nombreuses \u00e0 effectuer un\nremboursement partiel ou int\u00e9gral de la s\u00e9ance. Il s&#8217;agit d&#8217;un montant global\npar an, ou bien d&#8217;un montant par s\u00e9ance.\n\n<\/p>\n\n\n\n<p>Pour Philippe Fleuriau, Pr\u00e9sident de l\u2019AFC, le\nnon remboursement de la chiropraxie par les mutuelles est une id\u00e9e re\u00e7ue : <\/p>\n\n\n\n<p class=\"has-background has-cyan-bluish-gray-background-color\">&#8220;<em>Plus g\u00e9n\u00e9ralement, les remboursements des consultations chiropratiques apparaissent sur la majorit\u00e9 des contrats le permettant. En cas de doute sur la prise en charge de cette th\u00e9rapie dans le contrat d&#8217;assurance sant\u00e9, vous pouvez v\u00e9rifier en prenant contact avec la mutuelle concern\u00e9e.\u201d<\/em><\/p>\n\n\n\n<p class=\"has-text-color has-luminous-vivid-orange-color\"><strong>2010-2020 : UNE DECENNIE DE SUCCES POUR LA\nCHIROPRAXIE<\/strong><\/p>\n\n\n\n<p><strong>Si l\u2019ann\u00e9e 2002, celle de la reconnaissance l\u00e9gale de la chiropraxie,\navait constitu\u00e9 une \u00e9tape d\u00e9cisive, la derni\u00e8re d\u00e9cennie a connu l\u2019av\u00e8nement\nscientifique et politique de la profession dont les effectifs ont doubl\u00e9 en 10\nans.<\/strong><\/p>\n\n\n\n<p>\u2022&nbsp;&nbsp;&nbsp;&nbsp;&nbsp;&nbsp;&nbsp;&nbsp;&nbsp;&nbsp;&nbsp; <strong>2011&nbsp;:<\/strong> L\u2019ann\u00e9e 2011\nrepr\u00e9sente une double victoire politique et scientifique. C\u2019est en janvier que\nparait le d\u00e9cret n\u00b0 2011-32 du 7 janvier 2011 relatif aux actes et aux conditions\nd&#8217;exercice de la chiropraxie. En faisant des chiropracteurs les seuls\nth\u00e9rapeutes non m\u00e9decins autoris\u00e9s \u00e0 pratiquer des manipulations vert\u00e9brales\nsans avis m\u00e9dical, ce d\u00e9cret d\u00e9finit un statut tr\u00e8s favorable \u00e0 la profession.\nDu point de vue scientifique, l\u2019Institut national de la sant\u00e9 et de la\nrecherche m\u00e9dicale (Inserm) s\u2019int\u00e9resse pour la premi\u00e8re fois \u00e0 la chiropraxie\net conclut dans son rapport publi\u00e9 cette m\u00eame ann\u00e9e \u00e0 son efficacit\u00e9 dans le\ntraitement des lombalgies. <\/p>\n\n\n\n<p>\u2022&nbsp;&nbsp;&nbsp;&nbsp;&nbsp;&nbsp;&nbsp;&nbsp;&nbsp;&nbsp;&nbsp; <strong>2013&nbsp;:<\/strong> Une nouvelle\n\u00e9tape de reconnaissance des chiropracteurs en tant que professionnels de la\nsant\u00e9 est pass\u00e9e. A compter de 2013, comme tous les professionnels du champ\nsanitaire, les chiropracteurs fran\u00e7ais s\u2019enregistrent aupr\u00e8s de l\u2019agence\nr\u00e9gionale de sant\u00e9 de leur territoire et se voient attribuer un num\u00e9ro ADELI.\nCela garantit la v\u00e9rification du dipl\u00f4me des professionnels par l\u2019autorit\u00e9\nsanitaire.<\/p>\n\n\n\n<p>\u2022&nbsp;&nbsp;&nbsp;&nbsp;&nbsp;&nbsp;&nbsp;&nbsp;&nbsp;&nbsp;&nbsp; <strong>2017&nbsp;:<\/strong> Forte d\u2019une\nl\u00e9gitimit\u00e9 toujours plus solide vis-\u00e0-vis des institutions de sant\u00e9,\nl\u2019Association fran\u00e7aise de chiropraxie travaille deux ann\u00e9es durant avec la\nHaute autorit\u00e9 de sant\u00e9 (HAS) aux fins de r\u00e9daction d\u2019une Fiche M\u00e9mo. Publi\u00e9 en\n2017, ce document fait le point sur le diagnostic et la prise en charge des\ncervicalgies par les chiropracteurs. Il a \u00e9t\u00e9 valid\u00e9 par un groupe de travail\ncompos\u00e9 de diff\u00e9rents professionnels de la sant\u00e9 (chiropracteurs, m\u00e9decins\ng\u00e9n\u00e9ralistes, rhumatologue, radiologue, neurochirurgien et chirurgien\northop\u00e9dique) r\u00e9unis par la HAS. <\/p>\n\n\n\n<p>\u2022&nbsp;&nbsp;&nbsp;&nbsp;&nbsp;&nbsp;&nbsp;&nbsp;&nbsp;&nbsp;&nbsp; <strong>2018&nbsp;:<\/strong> 2018 est marqu\u00e9e\npar la publication de deux textes qui parach\u00e8vent la reconnaissance des\nchiropracteurs en assurant un niveau optimal de qualit\u00e9 et de s\u00e9curit\u00e9 des\nsoins pour les patients souffrant de troubles neuro-musculo-squelettiques. Le\nd\u00e9cret du 13 f\u00e9vrier relatif \u00e0 la formation fixe sa dur\u00e9e \u00e0 cinq ans et 4960\nheures dont diff\u00e9rents stages en milieu hospitalier. Il ent\u00e9rine le niveau\nmaster. L\u2019arr\u00eat\u00e9 d\u00e9termine avec pr\u00e9cision les activit\u00e9s et comp\u00e9tences du\nchiropracteur dans un r\u00e9f\u00e9rentiel qui ouvre la voie au diagnostic et confirme\nle recours \u00e0 la chiropraxie en premi\u00e8re intention. <\/p>\n\n\n\n<p><strong>Ann\u00e9e 2020 et\nsuivantes&nbsp;: quels combats&nbsp;?<\/strong><\/p>\n\n\n\n<p>Dans le souci d\u2019am\u00e9liorer\nen continu la qualit\u00e9 et la s\u00e9curit\u00e9 des soins, l\u2019AFC soutient d\u00e9sormais la\nformalisation, par d\u00e9cret, de l\u2019obligation de formation continue des chiropracteurs.\nElle travaille par ailleurs \u00e0 l\u2019\u00e9diction de r\u00e8gles professionnelles. <\/p>\n\n\n\n<p class=\"has-text-color has-medium-font-size has-vivid-cyan-blue-color\"><strong>La chiropraxie<\/strong><\/p>\n\n\n\n<p>La chiropraxie a pour objet la d\u00e9tection, le\ntraitement et la pr\u00e9vention des dysfonctionnements du squelette et de ses\ncons\u00e9quences, notamment au niveau de la colonne vert\u00e9brale et des membres. Ces\ndysfonctionnements se traduisent notamment par des douleurs ou une limitation\ndu mouvement.<\/p>\n\n\n\n<p>La chiropraxie se fonde sur une conception\nglobale du fonctionnement de l\u2019organisme et des relations existantes entre la\ncolonne vert\u00e9brale, le syst\u00e8me nerveux et certains troubles de la sant\u00e9. Elle\nprend ainsi en compte les facult\u00e9s de r\u00e9cup\u00e9ration du corps humain.<\/p>\n\n\n\n<p>Elle repose principalement sur les actes de\nmanipulation vert\u00e9brale, de man\u0153uvre d\u2019ajustement vert\u00e9bral et de mobilisation\ndes articulations.<\/p>\n\n\n\n<p>La chiropraxie est donc une r\u00e9ponse naturelle,\nnon-m\u00e9dicamenteuse, pr\u00e9ventive autant que curative. <\/p>\n\n\n\n<p>Elle est l\u2019une des formes de th\u00e9rapie manuelle\nla plus utilis\u00e9e et la plus populaire. Elle est \u00e0 pr\u00e9sent pratiqu\u00e9e partout\ndans le monde et r\u00e9glement\u00e9e par la loi dans plus de 40 pays.<strong><\/strong><\/p>\n\n\n\n<p class=\"has-text-color has-medium-font-size has-vivid-cyan-blue-color\"><strong>Les chiropracteurs et la chiropraxie en France<\/strong><\/p>\n\n\n\n<p>Les 1300 chiropracteurs sont enregistr\u00e9s\naupr\u00e8s des Agences R\u00e9gionales de Sant\u00e9 comme tous les autres professionnels de\nla sant\u00e9. La chiropraxie, dont l\u2019exercice de professionnel de la sant\u00e9 a \u00e9t\u00e9\nl\u00e9galis\u00e9 par la loi du 4 mars 2002 dite \u201cloi Kouchner\u201d est reconnue dans de\nnombreux pays par les autorit\u00e9s scientifiques et sanitaires (OMS, INSERM, NIH,\nNICE). La profession a \u00e9t\u00e9 encadr\u00e9e et r\u00e9glement\u00e9e d\u00e8s 2011 par des textes\nvis\u00e9s tant par la HAS, le CNOM et le HCPS.<strong><\/strong><\/p>\n\n\n\n<p><strong>Les chiropracteurs sont les seuls th\u00e9rapeutes non-m\u00e9decins habilit\u00e9s \u00e0 pratiquer des manipulations vert\u00e9brales en premi\u00e8re intention, c\u2019est-\u00e0-dire sans avis m\u00e9dical pr\u00e9alable.<\/strong><\/p>\n\n\n\n<p>Les \u00e9tudes de chiropraxie sont exclusivement\ndes \u00e9tudes sp\u00e9cifiques de cycle long : temps complet, BAC +5, bas\u00e9es sur une\nnorme internationale et enseign\u00e9es en France dans une \u00e9cole agr\u00e9\u00e9e par le\nminist\u00e8re de la sant\u00e9.<\/p>\n\n\n\n<p>Il s\u2019agit du <strong>seul mode d&#8217;enseignement d\u2019une profession de la sant\u00e9 standardis\u00e9e officiellement dans le monde entier<\/strong>. En France, <strong>4960 heures<\/strong> de cours sont pr\u00e9vues, soit 300 cr\u00e9dits universitaires ECTS.<\/p>\n\n\n\n<p>Les \u00e9l\u00e8ves re\u00e7oivent un enseignement g\u00e9n\u00e9ral\nproche de celui des \u00e9tudiants en m\u00e9decine, en partie dispens\u00e9 par des docteurs\nen m\u00e9decine, des chiropracteurs, des universitaires et des docteurs en\nrecherche (PhD). La formation int\u00e8gre \u00e9galement une formation pratique clinique\nencadr\u00e9e de 1350 heures incluant 300 consultations compl\u00e8tes et valid\u00e9es en\ncentre de soin interne \u00e0 l\u2019\u00e9cole.<\/p>\n\n\n\n<p>La formation s\u2019accompagne d\u2019un apprentissage\nsur le terrain gr\u00e2ce \u00e0 des stages obligatoires en centre hospitalier public ou\npriv\u00e9.<\/p>\n\n\n\n<p>Plus d\u2019informations : <a href=\"http:\/\/www.chiropraxie.com\/\">http:\/\/www.chiropraxie.com\/<\/a><br><\/p>\n\n\n\n<p>Source : Association Fran\u00e7aise de Chiropraxie<\/p>\n","protected":false},"excerpt":{"rendered":"<p>Pierre Buraglia aux embruns \u00e0 Bidart \/Photos : Sophie Green Les chiropracteurs effectuent une semaine de sensibilisation et d\u00e9pistage national gratuit des maux de dos sur rendez-vous du 10 au 15 octobre 2022 dans le cadre de la journ\u00e9e mondiale de la colonne vert\u00e9brale le 16 octobre 2022. L\u2019occasion de d\u00e9tecter vos troubles neuro-musculo-squelettiques, d\u2019en&hellip; <a href=\"https:\/\/www.chirocean.fr\/en\/journee-de-la-colonne-vertebrale-les-chiropracteurs-proposent-des-bilans-personnalises-gratuits-12-17-oct-2020\/\" class=\"more-link\">Continue reading <span class=\"screen-reader-text\">JOURNEE DE LA COLONNE VERTEBRALE : LES CHIROPRACTEURS PROPOSENT DES BILANS PERSONNALISES GRATUITS 10 au 15 OCT 2022.<\/span><\/a><\/p>\n","protected":false},"author":1,"featured_media":0,"comment_status":"open","ping_status":"open","sticky":false,"template":"","format":"standard","meta":{"footnotes":""},"categories":[1],"tags":[],"class_list":["post-779","post","type-post","status-publish","format-standard","hentry","category-posts","without-featured-image"],"translation":{"provider":"WPGlobus","version":"3.0.2","language":"en","enabled_languages":["fr","en","es","eu"],"languages":{"fr":{"title":true,"content":true,"excerpt":false},"en":{"title":false,"content":false,"excerpt":false},"es":{"title":false,"content":false,"excerpt":false},"eu":{"title":false,"content":false,"excerpt":false}}},"yoast_head":"<!-- This site is optimized with the Yoast SEO plugin v27.5 - https:\/\/yoast.com\/product\/yoast-seo-wordpress\/ -->\n<title>JOURNEE DE LA COLONNE VERTEBRALE : LES CHIROPRACTEURS PROPOSENT DES BILANS PERSONNALISES GRATUITS 10 au 15 OCT 2022. - Pierre Buraglia Chiropractic<\/title>\n<meta name=\"robots\" content=\"index, follow, max-snippet:-1, max-image-preview:large, max-video-preview:-1\" \/>\n<link rel=\"canonical\" href=\"https:\/\/www.chirocean.fr\/journee-de-la-colonne-vertebrale-les-chiropracteurs-proposent-des-bilans-personnalises-gratuits-12-17-oct-2020\/\" \/>\n<meta property=\"og:locale\" content=\"en_US\" \/>\n<meta property=\"og:type\" content=\"article\" \/>\n<meta property=\"og:title\" content=\"JOURNEE DE LA COLONNE VERTEBRALE : LES CHIROPRACTEURS PROPOSENT DES BILANS PERSONNALISES GRATUITS 10 au 15 OCT 2022. - Pierre Buraglia Chiropractic\" \/>\n<meta property=\"og:url\" content=\"https:\/\/www.chirocean.fr\/journee-de-la-colonne-vertebrale-les-chiropracteurs-proposent-des-bilans-personnalises-gratuits-12-17-oct-2020\/\" \/>\n<meta property=\"og:site_name\" content=\"Pierre Buraglia Chiropractic\" \/>\n<meta property=\"article:published_time\" content=\"2020-10-10T17:12:48+00:00\" \/>\n<meta property=\"article:modified_time\" content=\"2022-10-06T14:27:16+00:00\" \/>\n<meta property=\"og:image\" content=\"https:\/\/i2.wp.com\/www.chirocean.fr\/wp-content\/uploads\/2019\/10\/Chiropraxie8.jpg?ssl=1\" \/>\n<meta name=\"author\" content=\"admin\" \/>\n<meta name=\"twitter:card\" content=\"summary_large_image\" \/>\n<meta name=\"twitter:label1\" content=\"Written by\" \/>\n\t<meta name=\"twitter:data1\" content=\"admin\" \/>\n\t<meta name=\"twitter:label2\" content=\"Est. reading time\" \/>\n\t<meta name=\"twitter:data2\" content=\"20 minutes\" \/>\n<script type=\"application\/ld+json\" class=\"yoast-schema-graph\">{\"@context\":\"https:\\\/\\\/schema.org\",\"@graph\":[{\"@type\":\"Article\",\"@id\":\"https:\\\/\\\/www.chirocean.fr\\\/journee-de-la-colonne-vertebrale-les-chiropracteurs-proposent-des-bilans-personnalises-gratuits-12-17-oct-2020\\\/#article\",\"isPartOf\":{\"@id\":\"https:\\\/\\\/www.chirocean.fr\\\/journee-de-la-colonne-vertebrale-les-chiropracteurs-proposent-des-bilans-personnalises-gratuits-12-17-oct-2020\\\/\"},\"author\":{\"name\":\"admin\",\"@id\":\"https:\\\/\\\/www.chirocean.fr\\\/#\\\/schema\\\/person\\\/02ce2adc7b78d52173db48309dc18854\"},\"headline\":\"JOURNEE DE LA COLONNE VERTEBRALE : LES CHIROPRACTEURS PROPOSENT DES BILANS PERSONNALISES GRATUITS 10 au 15 OCT 2022.\",\"datePublished\":\"2020-10-10T17:12:48+00:00\",\"dateModified\":\"2022-10-06T14:27:16+00:00\",\"mainEntityOfPage\":{\"@id\":\"https:\\\/\\\/www.chirocean.fr\\\/journee-de-la-colonne-vertebrale-les-chiropracteurs-proposent-des-bilans-personnalises-gratuits-12-17-oct-2020\\\/\"},\"wordCount\":3965,\"commentCount\":0,\"publisher\":{\"@id\":\"https:\\\/\\\/www.chirocean.fr\\\/#organization\"},\"image\":{\"@id\":\"https:\\\/\\\/www.chirocean.fr\\\/journee-de-la-colonne-vertebrale-les-chiropracteurs-proposent-des-bilans-personnalises-gratuits-12-17-oct-2020\\\/#primaryimage\"},\"thumbnailUrl\":\"https:\\\/\\\/i2.wp.com\\\/www.chirocean.fr\\\/wp-content\\\/uploads\\\/2019\\\/10\\\/Chiropraxie8.jpg?ssl=1\",\"articleSection\":[\"Posts\"],\"inLanguage\":\"en-US\",\"potentialAction\":[{\"@type\":\"CommentAction\",\"name\":\"Comment\",\"target\":[\"https:\\\/\\\/www.chirocean.fr\\\/journee-de-la-colonne-vertebrale-les-chiropracteurs-proposent-des-bilans-personnalises-gratuits-12-17-oct-2020\\\/#respond\"]}]},{\"@type\":\"WebPage\",\"@id\":\"https:\\\/\\\/www.chirocean.fr\\\/journee-de-la-colonne-vertebrale-les-chiropracteurs-proposent-des-bilans-personnalises-gratuits-12-17-oct-2020\\\/\",\"url\":\"https:\\\/\\\/www.chirocean.fr\\\/journee-de-la-colonne-vertebrale-les-chiropracteurs-proposent-des-bilans-personnalises-gratuits-12-17-oct-2020\\\/\",\"name\":\"JOURNEE DE LA COLONNE VERTEBRALE : LES CHIROPRACTEURS PROPOSENT DES BILANS PERSONNALISES GRATUITS 10 au 15 OCT 2022. - Pierre Buraglia Chiropractic\",\"isPartOf\":{\"@id\":\"https:\\\/\\\/www.chirocean.fr\\\/#website\"},\"primaryImageOfPage\":{\"@id\":\"https:\\\/\\\/www.chirocean.fr\\\/journee-de-la-colonne-vertebrale-les-chiropracteurs-proposent-des-bilans-personnalises-gratuits-12-17-oct-2020\\\/#primaryimage\"},\"image\":{\"@id\":\"https:\\\/\\\/www.chirocean.fr\\\/journee-de-la-colonne-vertebrale-les-chiropracteurs-proposent-des-bilans-personnalises-gratuits-12-17-oct-2020\\\/#primaryimage\"},\"thumbnailUrl\":\"https:\\\/\\\/i2.wp.com\\\/www.chirocean.fr\\\/wp-content\\\/uploads\\\/2019\\\/10\\\/Chiropraxie8.jpg?ssl=1\",\"datePublished\":\"2020-10-10T17:12:48+00:00\",\"dateModified\":\"2022-10-06T14:27:16+00:00\",\"breadcrumb\":{\"@id\":\"https:\\\/\\\/www.chirocean.fr\\\/journee-de-la-colonne-vertebrale-les-chiropracteurs-proposent-des-bilans-personnalises-gratuits-12-17-oct-2020\\\/#breadcrumb\"},\"inLanguage\":\"en-US\",\"potentialAction\":[{\"@type\":\"ReadAction\",\"target\":[\"https:\\\/\\\/www.chirocean.fr\\\/journee-de-la-colonne-vertebrale-les-chiropracteurs-proposent-des-bilans-personnalises-gratuits-12-17-oct-2020\\\/\"]}]},{\"@type\":\"ImageObject\",\"inLanguage\":\"en-US\",\"@id\":\"https:\\\/\\\/www.chirocean.fr\\\/journee-de-la-colonne-vertebrale-les-chiropracteurs-proposent-des-bilans-personnalises-gratuits-12-17-oct-2020\\\/#primaryimage\",\"url\":\"https:\\\/\\\/i2.wp.com\\\/www.chirocean.fr\\\/wp-content\\\/uploads\\\/2019\\\/10\\\/Chiropraxie8.jpg?ssl=1\",\"contentUrl\":\"https:\\\/\\\/i2.wp.com\\\/www.chirocean.fr\\\/wp-content\\\/uploads\\\/2019\\\/10\\\/Chiropraxie8.jpg?ssl=1\"},{\"@type\":\"BreadcrumbList\",\"@id\":\"https:\\\/\\\/www.chirocean.fr\\\/journee-de-la-colonne-vertebrale-les-chiropracteurs-proposent-des-bilans-personnalises-gratuits-12-17-oct-2020\\\/#breadcrumb\",\"itemListElement\":[{\"@type\":\"ListItem\",\"position\":1,\"name\":\"Accueil\",\"item\":\"https:\\\/\\\/www.chirocean.fr\\\/\"},{\"@type\":\"ListItem\",\"position\":2,\"name\":\"JOURNEE DE LA COLONNE VERTEBRALE : LES CHIROPRACTEURS PROPOSENT DES BILANS PERSONNALISES GRATUITS 10 au 15 OCT 2022.\"}]},{\"@type\":\"WebSite\",\"@id\":\"https:\\\/\\\/www.chirocean.fr\\\/#website\",\"url\":\"https:\\\/\\\/www.chirocean.fr\\\/\",\"name\":\"Pierre Buraglia Chiropractic\",\"description\":\"&quot;Let your body express it full potential&quot;\",\"publisher\":{\"@id\":\"https:\\\/\\\/www.chirocean.fr\\\/#organization\"},\"potentialAction\":[{\"@type\":\"SearchAction\",\"target\":{\"@type\":\"EntryPoint\",\"urlTemplate\":\"https:\\\/\\\/www.chirocean.fr\\\/?s={search_term_string}\"},\"query-input\":{\"@type\":\"PropertyValueSpecification\",\"valueRequired\":true,\"valueName\":\"search_term_string\"}}],\"inLanguage\":\"en-US\"},{\"@type\":\"Organization\",\"@id\":\"https:\\\/\\\/www.chirocean.fr\\\/#organization\",\"name\":\"Pierre Buraglia Chiropractic\",\"url\":\"https:\\\/\\\/www.chirocean.fr\\\/\",\"logo\":{\"@type\":\"ImageObject\",\"inLanguage\":\"en-US\",\"@id\":\"https:\\\/\\\/www.chirocean.fr\\\/#\\\/schema\\\/logo\\\/image\\\/\",\"url\":\"https:\\\/\\\/www.chirocean.fr\\\/wp-content\\\/uploads\\\/2019\\\/08\\\/cropped-Chiroc\u00e9an-ombre.jpg\",\"contentUrl\":\"https:\\\/\\\/www.chirocean.fr\\\/wp-content\\\/uploads\\\/2019\\\/08\\\/cropped-Chiroc\u00e9an-ombre.jpg\",\"width\":4577,\"height\":1271,\"caption\":\"Pierre Buraglia Chiropractic\"},\"image\":{\"@id\":\"https:\\\/\\\/www.chirocean.fr\\\/#\\\/schema\\\/logo\\\/image\\\/\"}},{\"@type\":\"Person\",\"@id\":\"https:\\\/\\\/www.chirocean.fr\\\/#\\\/schema\\\/person\\\/02ce2adc7b78d52173db48309dc18854\",\"name\":\"admin\",\"image\":{\"@type\":\"ImageObject\",\"inLanguage\":\"en-US\",\"@id\":\"https:\\\/\\\/secure.gravatar.com\\\/avatar\\\/72a836483f72f2a2ea2bcc39e2f6bfd98b4520376abb981b7f356134ea48a95c?s=96&d=mm&r=g\",\"url\":\"https:\\\/\\\/secure.gravatar.com\\\/avatar\\\/72a836483f72f2a2ea2bcc39e2f6bfd98b4520376abb981b7f356134ea48a95c?s=96&d=mm&r=g\",\"contentUrl\":\"https:\\\/\\\/secure.gravatar.com\\\/avatar\\\/72a836483f72f2a2ea2bcc39e2f6bfd98b4520376abb981b7f356134ea48a95c?s=96&d=mm&r=g\",\"caption\":\"admin\"}}]}<\/script>\n<!-- \/ Yoast SEO plugin. -->","yoast_head_json":{"title":"JOURNEE DE LA COLONNE VERTEBRALE : LES CHIROPRACTEURS PROPOSENT DES BILANS PERSONNALISES GRATUITS 10 au 15 OCT 2022. - Pierre Buraglia Chiropractic","robots":{"index":"index","follow":"follow","max-snippet":"max-snippet:-1","max-image-preview":"max-image-preview:large","max-video-preview":"max-video-preview:-1"},"canonical":"https:\/\/www.chirocean.fr\/journee-de-la-colonne-vertebrale-les-chiropracteurs-proposent-des-bilans-personnalises-gratuits-12-17-oct-2020\/","og_locale":"en_US","og_type":"article","og_title":"JOURNEE DE LA COLONNE VERTEBRALE : LES CHIROPRACTEURS PROPOSENT DES BILANS PERSONNALISES GRATUITS 10 au 15 OCT 2022. - Pierre Buraglia Chiropractic","og_url":"https:\/\/www.chirocean.fr\/journee-de-la-colonne-vertebrale-les-chiropracteurs-proposent-des-bilans-personnalises-gratuits-12-17-oct-2020\/","og_site_name":"Pierre Buraglia Chiropractic","article_published_time":"2020-10-10T17:12:48+00:00","article_modified_time":"2022-10-06T14:27:16+00:00","og_image":[{"url":"https:\/\/i2.wp.com\/www.chirocean.fr\/wp-content\/uploads\/2019\/10\/Chiropraxie8.jpg?ssl=1","type":"","width":"","height":""}],"author":"admin","twitter_card":"summary_large_image","twitter_misc":{"Written by":"admin","Est. reading time":"20 minutes"},"schema":{"@context":"https:\/\/schema.org","@graph":[{"@type":"Article","@id":"https:\/\/www.chirocean.fr\/journee-de-la-colonne-vertebrale-les-chiropracteurs-proposent-des-bilans-personnalises-gratuits-12-17-oct-2020\/#article","isPartOf":{"@id":"https:\/\/www.chirocean.fr\/journee-de-la-colonne-vertebrale-les-chiropracteurs-proposent-des-bilans-personnalises-gratuits-12-17-oct-2020\/"},"author":{"name":"admin","@id":"https:\/\/www.chirocean.fr\/#\/schema\/person\/02ce2adc7b78d52173db48309dc18854"},"headline":"JOURNEE DE LA COLONNE VERTEBRALE : LES CHIROPRACTEURS PROPOSENT DES BILANS PERSONNALISES GRATUITS 10 au 15 OCT 2022.","datePublished":"2020-10-10T17:12:48+00:00","dateModified":"2022-10-06T14:27:16+00:00","mainEntityOfPage":{"@id":"https:\/\/www.chirocean.fr\/journee-de-la-colonne-vertebrale-les-chiropracteurs-proposent-des-bilans-personnalises-gratuits-12-17-oct-2020\/"},"wordCount":3965,"commentCount":0,"publisher":{"@id":"https:\/\/www.chirocean.fr\/#organization"},"image":{"@id":"https:\/\/www.chirocean.fr\/journee-de-la-colonne-vertebrale-les-chiropracteurs-proposent-des-bilans-personnalises-gratuits-12-17-oct-2020\/#primaryimage"},"thumbnailUrl":"https:\/\/i2.wp.com\/www.chirocean.fr\/wp-content\/uploads\/2019\/10\/Chiropraxie8.jpg?ssl=1","articleSection":["Posts"],"inLanguage":"en-US","potentialAction":[{"@type":"CommentAction","name":"Comment","target":["https:\/\/www.chirocean.fr\/journee-de-la-colonne-vertebrale-les-chiropracteurs-proposent-des-bilans-personnalises-gratuits-12-17-oct-2020\/#respond"]}]},{"@type":"WebPage","@id":"https:\/\/www.chirocean.fr\/journee-de-la-colonne-vertebrale-les-chiropracteurs-proposent-des-bilans-personnalises-gratuits-12-17-oct-2020\/","url":"https:\/\/www.chirocean.fr\/journee-de-la-colonne-vertebrale-les-chiropracteurs-proposent-des-bilans-personnalises-gratuits-12-17-oct-2020\/","name":"JOURNEE DE LA COLONNE VERTEBRALE : LES CHIROPRACTEURS PROPOSENT DES BILANS PERSONNALISES GRATUITS 10 au 15 OCT 2022. - Pierre Buraglia Chiropractic","isPartOf":{"@id":"https:\/\/www.chirocean.fr\/#website"},"primaryImageOfPage":{"@id":"https:\/\/www.chirocean.fr\/journee-de-la-colonne-vertebrale-les-chiropracteurs-proposent-des-bilans-personnalises-gratuits-12-17-oct-2020\/#primaryimage"},"image":{"@id":"https:\/\/www.chirocean.fr\/journee-de-la-colonne-vertebrale-les-chiropracteurs-proposent-des-bilans-personnalises-gratuits-12-17-oct-2020\/#primaryimage"},"thumbnailUrl":"https:\/\/i2.wp.com\/www.chirocean.fr\/wp-content\/uploads\/2019\/10\/Chiropraxie8.jpg?ssl=1","datePublished":"2020-10-10T17:12:48+00:00","dateModified":"2022-10-06T14:27:16+00:00","breadcrumb":{"@id":"https:\/\/www.chirocean.fr\/journee-de-la-colonne-vertebrale-les-chiropracteurs-proposent-des-bilans-personnalises-gratuits-12-17-oct-2020\/#breadcrumb"},"inLanguage":"en-US","potentialAction":[{"@type":"ReadAction","target":["https:\/\/www.chirocean.fr\/journee-de-la-colonne-vertebrale-les-chiropracteurs-proposent-des-bilans-personnalises-gratuits-12-17-oct-2020\/"]}]},{"@type":"ImageObject","inLanguage":"en-US","@id":"https:\/\/www.chirocean.fr\/journee-de-la-colonne-vertebrale-les-chiropracteurs-proposent-des-bilans-personnalises-gratuits-12-17-oct-2020\/#primaryimage","url":"https:\/\/i2.wp.com\/www.chirocean.fr\/wp-content\/uploads\/2019\/10\/Chiropraxie8.jpg?ssl=1","contentUrl":"https:\/\/i2.wp.com\/www.chirocean.fr\/wp-content\/uploads\/2019\/10\/Chiropraxie8.jpg?ssl=1"},{"@type":"BreadcrumbList","@id":"https:\/\/www.chirocean.fr\/journee-de-la-colonne-vertebrale-les-chiropracteurs-proposent-des-bilans-personnalises-gratuits-12-17-oct-2020\/#breadcrumb","itemListElement":[{"@type":"ListItem","position":1,"name":"Accueil","item":"https:\/\/www.chirocean.fr\/"},{"@type":"ListItem","position":2,"name":"JOURNEE DE LA COLONNE VERTEBRALE : LES CHIROPRACTEURS PROPOSENT DES BILANS PERSONNALISES GRATUITS 10 au 15 OCT 2022."}]},{"@type":"WebSite","@id":"https:\/\/www.chirocean.fr\/#website","url":"https:\/\/www.chirocean.fr\/","name":"Pierre Buraglia Chiropractic","description":"&quot;Let your body express it full potential&quot;","publisher":{"@id":"https:\/\/www.chirocean.fr\/#organization"},"potentialAction":[{"@type":"SearchAction","target":{"@type":"EntryPoint","urlTemplate":"https:\/\/www.chirocean.fr\/?s={search_term_string}"},"query-input":{"@type":"PropertyValueSpecification","valueRequired":true,"valueName":"search_term_string"}}],"inLanguage":"en-US"},{"@type":"Organization","@id":"https:\/\/www.chirocean.fr\/#organization","name":"Pierre Buraglia Chiropractic","url":"https:\/\/www.chirocean.fr\/","logo":{"@type":"ImageObject","inLanguage":"en-US","@id":"https:\/\/www.chirocean.fr\/#\/schema\/logo\/image\/","url":"https:\/\/www.chirocean.fr\/wp-content\/uploads\/2019\/08\/cropped-Chiroc\u00e9an-ombre.jpg","contentUrl":"https:\/\/www.chirocean.fr\/wp-content\/uploads\/2019\/08\/cropped-Chiroc\u00e9an-ombre.jpg","width":4577,"height":1271,"caption":"Pierre Buraglia Chiropractic"},"image":{"@id":"https:\/\/www.chirocean.fr\/#\/schema\/logo\/image\/"}},{"@type":"Person","@id":"https:\/\/www.chirocean.fr\/#\/schema\/person\/02ce2adc7b78d52173db48309dc18854","name":"admin","image":{"@type":"ImageObject","inLanguage":"en-US","@id":"https:\/\/secure.gravatar.com\/avatar\/72a836483f72f2a2ea2bcc39e2f6bfd98b4520376abb981b7f356134ea48a95c?s=96&d=mm&r=g","url":"https:\/\/secure.gravatar.com\/avatar\/72a836483f72f2a2ea2bcc39e2f6bfd98b4520376abb981b7f356134ea48a95c?s=96&d=mm&r=g","contentUrl":"https:\/\/secure.gravatar.com\/avatar\/72a836483f72f2a2ea2bcc39e2f6bfd98b4520376abb981b7f356134ea48a95c?s=96&d=mm&r=g","caption":"admin"}}]}},"_links":{"self":[{"href":"https:\/\/www.chirocean.fr\/en\/wp-json\/wp\/v2\/posts\/779","targetHints":{"allow":["GET"]}}],"collection":[{"href":"https:\/\/www.chirocean.fr\/en\/wp-json\/wp\/v2\/posts"}],"about":[{"href":"https:\/\/www.chirocean.fr\/en\/wp-json\/wp\/v2\/types\/post"}],"author":[{"embeddable":true,"href":"https:\/\/www.chirocean.fr\/en\/wp-json\/wp\/v2\/users\/1"}],"replies":[{"embeddable":true,"href":"https:\/\/www.chirocean.fr\/en\/wp-json\/wp\/v2\/comments?post=779"}],"version-history":[{"count":9,"href":"https:\/\/www.chirocean.fr\/en\/wp-json\/wp\/v2\/posts\/779\/revisions"}],"predecessor-version":[{"id":895,"href":"https:\/\/www.chirocean.fr\/en\/wp-json\/wp\/v2\/posts\/779\/revisions\/895"}],"wp:attachment":[{"href":"https:\/\/www.chirocean.fr\/en\/wp-json\/wp\/v2\/media?parent=779"}],"wp:term":[{"taxonomy":"category","embeddable":true,"href":"https:\/\/www.chirocean.fr\/en\/wp-json\/wp\/v2\/categories?post=779"},{"taxonomy":"post_tag","embeddable":true,"href":"https:\/\/www.chirocean.fr\/en\/wp-json\/wp\/v2\/tags?post=779"}],"curies":[{"name":"wp","href":"https:\/\/api.w.org\/{rel}","templated":true}]}}